{"id":4590,"date":"2026-04-25T20:47:41","date_gmt":"2026-04-25T18:47:41","guid":{"rendered":"https:\/\/miplanetaliterario.es\/?p=4590"},"modified":"2026-04-25T22:04:53","modified_gmt":"2026-04-25T20:04:53","slug":"resena-de-del-color-de-la-leche-de-nell-leyshon","status":"publish","type":"post","link":"https:\/\/miplanetaliterario.es\/index.php\/2026\/04\/25\/resena-de-del-color-de-la-leche-de-nell-leyshon\/","title":{"rendered":"Rese\u00f1a de \u00abDel color de la leche\u00bb, de Nell Leyshon."},"content":{"rendered":"\n<div class=\"wp-block-media-text is-stacked-on-mobile\" style=\"grid-template-columns:43% auto\"><figure class=\"wp-block-media-text__media\"><a href=\"https:\/\/www.goodreads.com\/book\/show\/18510721-del-color-de-la-leche\" target=\"_blank\" rel=\"noreferrer noopener\"><img loading=\"lazy\" decoding=\"async\" width=\"268\" height=\"415\" src=\"https:\/\/miplanetaliterario.es\/wp-content\/uploads\/2026\/04\/Del-color-de-la-leche.png\" alt=\"\" class=\"wp-image-4611 size-full\" srcset=\"https:\/\/miplanetaliterario.es\/wp-content\/uploads\/2026\/04\/Del-color-de-la-leche.png 268w, https:\/\/miplanetaliterario.es\/wp-content\/uploads\/2026\/04\/Del-color-de-la-leche-194x300.png 194w\" sizes=\"auto, (max-width: 268px) 100vw, 268px\" \/><\/a><\/figure><div class=\"wp-block-media-text__content\">\n<pre class=\"wp-block-verse\"><strong>T\u00edtulo:<\/strong> Del color de la leche<\/pre>\n\n\n\n<pre class=\"wp-block-verse\"><strong>Autor\/a: <\/strong>Nell Leyshon<\/pre>\n\n\n\n<pre class=\"wp-block-verse\"><strong>G\u00e9nero<\/strong>: Ficci\u00f3n Hist\u00f3rica\/Costumbrista<\/pre>\n\n\n\n<pre class=\"wp-block-verse\"><strong>Publicaci\u00f3n:<\/strong> 31\/5\/2012 (original en ingl\u00e9s) 1\/1\/2013 (espa\u00f1ol)<\/pre>\n\n\n\n<pre class=\"wp-block-verse\"><strong>Editorial:<\/strong> Sexto Piso<\/pre>\n\n\n\n<pre class=\"wp-block-verse\"><strong>P\u00e1ginas:<\/strong> 174<\/pre>\n\n\n\n<div class=\"wp-block-group\"><div class=\"wp-block-group__inner-container is-layout-constrained wp-block-group-is-layout-constrained\">\n<pre class=\"wp-block-verse\"><strong>Puntuaci\u00f3n:<\/strong> <\/pre>\n<\/div><\/div>\n\n\n<div class=\"wp-block-jetpack-rating-star\" style=\"text-align:left\" itemprop=\"reviewRating\" itemscope itemtype=\"http:\/\/schema.org\/Rating\"><p><span aria-hidden=\"true\">\u2b50<\/span><span aria-hidden=\"true\">\u2b50<\/span><span aria-hidden=\"true\">\u2b50<\/span><span aria-hidden=\"true\">\u2b50<\/span><span aria-hidden=\"true\">\u2b50<\/span><\/p><span style=\"display: none;\" itemprop=\"worstRating\" content=\"0.5\"><span>\n<svg xmlns=\"http:\/\/www.w3.org\/2000\/svg\" width=\"24\" height=\"24\" viewBox=\"0 0 24 24\">\n\t<path class=\"\" fill=\"currentColor\" stroke=\"currentColor\" d=\"M12,17.3l6.2,3.7l-1.6-7L22,9.2l-7.2-0.6L12,2L9.2,8.6L2,9.2L7.5,14l-1.6,7L12,17.3z\" \/>\n<\/svg>\n<\/span>\n<span>\n<svg xmlns=\"http:\/\/www.w3.org\/2000\/svg\" width=\"24\" height=\"24\" viewBox=\"0 0 24 24\">\n\t<path class=\"\" fill=\"currentColor\" stroke=\"currentColor\" d=\"M12,17.3l6.2,3.7l-1.6-7L22,9.2l-7.2-0.6L12,2L9.2,8.6L2,9.2L7.5,14l-1.6,7L12,17.3z\" \/>\n<\/svg>\n<\/span><\/span><span style=\"display: none;\" ><span>\n<svg xmlns=\"http:\/\/www.w3.org\/2000\/svg\" width=\"24\" height=\"24\" viewBox=\"0 0 24 24\">\n\t<path class=\"\" fill=\"currentColor\" stroke=\"currentColor\" d=\"M12,17.3l6.2,3.7l-1.6-7L22,9.2l-7.2-0.6L12,2L9.2,8.6L2,9.2L7.5,14l-1.6,7L12,17.3z\" \/>\n<\/svg>\n<\/span>\n<span>\n<svg xmlns=\"http:\/\/www.w3.org\/2000\/svg\" width=\"24\" height=\"24\" viewBox=\"0 0 24 24\">\n\t<path class=\"\" fill=\"currentColor\" stroke=\"currentColor\" d=\"M12,17.3l6.2,3.7l-1.6-7L22,9.2l-7.2-0.6L12,2L9.2,8.6L2,9.2L7.5,14l-1.6,7L12,17.3z\" \/>\n<\/svg>\n<\/span><\/span><span style=\"display: none;\" ><span>\n<svg xmlns=\"http:\/\/www.w3.org\/2000\/svg\" width=\"24\" height=\"24\" viewBox=\"0 0 24 24\">\n\t<path class=\"\" fill=\"currentColor\" stroke=\"currentColor\" d=\"M12,17.3l6.2,3.7l-1.6-7L22,9.2l-7.2-0.6L12,2L9.2,8.6L2,9.2L7.5,14l-1.6,7L12,17.3z\" \/>\n<\/svg>\n<\/span>\n<span>\n<svg xmlns=\"http:\/\/www.w3.org\/2000\/svg\" width=\"24\" height=\"24\" viewBox=\"0 0 24 24\">\n\t<path class=\"\" fill=\"currentColor\" stroke=\"currentColor\" d=\"M12,17.3l6.2,3.7l-1.6-7L22,9.2l-7.2-0.6L12,2L9.2,8.6L2,9.2L7.5,14l-1.6,7L12,17.3z\" \/>\n<\/svg>\n<\/span><\/span><span style=\"display: none;\" ><span>\n<svg xmlns=\"http:\/\/www.w3.org\/2000\/svg\" width=\"24\" height=\"24\" viewBox=\"0 0 24 24\">\n\t<path class=\"\" fill=\"currentColor\" stroke=\"currentColor\" d=\"M12,17.3l6.2,3.7l-1.6-7L22,9.2l-7.2-0.6L12,2L9.2,8.6L2,9.2L7.5,14l-1.6,7L12,17.3z\" \/>\n<\/svg>\n<\/span>\n<span>\n<svg xmlns=\"http:\/\/www.w3.org\/2000\/svg\" width=\"24\" height=\"24\" viewBox=\"0 0 24 24\">\n\t<path class=\"\" fill=\"currentColor\" stroke=\"currentColor\" d=\"M12,17.3l6.2,3.7l-1.6-7L22,9.2l-7.2-0.6L12,2L9.2,8.6L2,9.2L7.5,14l-1.6,7L12,17.3z\" \/>\n<\/svg>\n<\/span><\/span><span style=\"display: none;\" itemprop=\"bestRating\" content=\"5\"><span>\n<svg xmlns=\"http:\/\/www.w3.org\/2000\/svg\" width=\"24\" height=\"24\" viewBox=\"0 0 24 24\">\n\t<path class=\"\" fill=\"currentColor\" stroke=\"currentColor\" d=\"M12,17.3l6.2,3.7l-1.6-7L22,9.2l-7.2-0.6L12,2L9.2,8.6L2,9.2L7.5,14l-1.6,7L12,17.3z\" \/>\n<\/svg>\n<\/span>\n<span>\n<svg xmlns=\"http:\/\/www.w3.org\/2000\/svg\" width=\"24\" height=\"24\" viewBox=\"0 0 24 24\">\n\t<path class=\"\" fill=\"currentColor\" stroke=\"currentColor\" d=\"M12,17.3l6.2,3.7l-1.6-7L22,9.2l-7.2-0.6L12,2L9.2,8.6L2,9.2L7.5,14l-1.6,7L12,17.3z\" \/>\n<\/svg>\n<\/span><\/span><span itemprop=\"ratingValue\" class=\"screen-reader-text\" content=\"5\">Puntuaci\u00f3n: 5 de 5.<\/span><\/div><\/div><\/div>\n\n\n\n<p><strong>Sinopsis<\/strong><\/p>\n\n\n\n<pre class=\"wp-block-verse\">Mary, una ni\u00f1a de quince a\u00f1os que vive con su familia en una granja de la Inglaterra rural de 1830, tiene el pelo del color de la leche y naci\u00f3 con un defecto f\u00edsico en una pierna, pero logra escapar moment\u00e1neamente de su condena familiar cuando es enviada a trabajar como criada para cuidar a la mujer del vicario, que est\u00e1 enferma. Entonces, tiene la oportunidad de aprender a leer y escribir, de dejar de ver \u00abs\u00f3lo un mont\u00f3n de rayas negras\u00bb en los libros. Sin embargo, conforme deja el mundo de las sombras, descubre que las luces pueden resultar incluso m\u00e1s cegadoras, por eso, a Mary s\u00f3lo le queda el poder de contar su historia para tratar de encontrar sosiego en la palabra escrita.<\/pre>\n\n\n\n<hr class=\"wp-block-separator has-text-color has-black-color has-alpha-channel-opacity has-black-background-color has-background\"\/>\n\n\n\n<pre class=\"wp-block-verse\">Este libro <strong>me llamaba mucho la atenci\u00f3n<\/strong> y lo ten\u00eda s\u00faper pendiente. Ahora tuve la oportunidad de leerlo, por fin, y <strong>me ha encantado<\/strong>: es una <strong>historia dura<\/strong>, pero con muchos momentos de ternura, am\u00e9 a la protagonista, Mary, por ello <strong>mi puntuaci\u00f3n es de 5 estrellas. <br><\/strong><br><strong>Nell Leyshon<\/strong> logra que te <strong>sumerjas en la vida<\/strong> de la protagonista y que <strong>te encari\u00f1es con su personalidad<\/strong> y con toda ella. Adem\u00e1s de con alg\u00fan <strong>otro personaje que no deja indiferente<\/strong>. La autora nos <strong>cuenta una historia dura <\/strong>que va empezando algo fuerte <strong>para volverse m\u00e1s oscura <\/strong>conforme avanza la lectura, pero <strong>sin perder del todo esa luz<\/strong> que emana el libro por la protagonista, que <strong>es quien nos cuenta la historia. <\/strong><br><br><strong>Durante la lectura<\/strong> me sorprendi\u00f3 la forma <strong>en la que estaba escrito el libro<\/strong>. Me dio algo de reparo porque no me suele gustar <strong>el juego con la escritura y el lenguaje<\/strong>, me gusta m\u00e1s lo sencillo, pero <strong>no era lo que pensaba as\u00ed que me adapte bien<\/strong> y segu\u00ed el ritmo. Adem\u00e1s de que entend\u00ed porque estaba escrito as\u00ed. Conforme iba leyendo el libro<strong> me fui enamorando de la protagonista Mary y tambi\u00e9n sufriendo un poco<\/strong> con lo malo que le pasaba y por la situaci\u00f3n en la que se ve\u00eda envuelta. Luego cuando todo se vuelve m\u00e1s oscuro <strong>sufr\u00ed mucho m\u00e1s,<\/strong> lo pas\u00e9 mal y <strong>el final fue por un momento cat\u00e1rtico,<\/strong> pero <strong>triste y esperanzador a la vez<\/strong>. Un final <strong>agridulce,<\/strong> hubiera preferido otro, <strong>pero lo entend\u00ed y aun as\u00ed am\u00e9 la historia. <\/strong><br><br>La <strong>trama<\/strong> parece <strong>sencilla,<\/strong> pero trata temas<strong> bastante complejos y duros<\/strong> que invitan a la reflexi\u00f3n donde se muestra <strong>el desarrollo emocional y de madurez de la protagonista en un entorno hostil. <\/strong>Mary es obligada a trabajar como criada en la casa del vicario por orden de su padre, que solo le importa el dinero. Pasa de<strong> vivir en la granja con su familia,<\/strong> dominada por un padre violento,<strong> a pasar de criada en otra casa<\/strong>: parece que pasa a un lugar mejor, pero en realidad no. Me parece una historia <strong>muy original<\/strong> por c\u00f3mo es la protagonista y su destino, adem\u00e1s engancha bastante. Me<strong> hizo reflexionar sobre los cambios <\/strong>que ha habido en la sociedad y en lo <strong>duro que era la situaci\u00f3n de la mujer<\/strong> en el pasado, sobre todo en el \u00e1mbito rural. Se tratan <strong>temas<\/strong> como la <em>precariedad en el \u00e1mbito rural, el abuso de poder, la importancia de la educaci\u00f3n, la p\u00e9rdida de la inocencia, la falta de amor familiar y se presentan temas delicados como el abuso y violencia sexual y maltrato f\u00edsico. <\/em><br><br>Esta historia <strong>se ambienta<\/strong> en la \u00e9poca de 1830 en un <strong>lugar rural de Inglaterra.<\/strong> Se <strong>desarrolla<\/strong> en forma <strong>circular<\/strong>. Tiene muy <strong>buen ritmo y muy buena tensi\u00f3n narrativa.<\/strong> Se cuenta en <strong>primera persona desde el punto de vista de Mary,<\/strong> la protagonista. Los<strong> cap\u00edtulos<\/strong> son cortos, por lo que <strong>se lee r\u00e1pido. <\/strong><br><br>En cuanto a los <strong>personajes<\/strong>, am\u00e9 y <strong>amo a la protagonista Mary.<\/strong> Es perfecta, <strong>divertida e inteligente y resiliente. <\/strong>Me encant\u00f3 <strong>su personalidad, tiene muchos matices<\/strong> y sufr\u00ed con y por ella mucho. En general, el resto de los personajes <strong>est\u00e1n muy bien construidos, <\/strong>son personajes <strong>muy humanos, <\/strong>las hermanas de Mary <strong>me generaron mucha curiosidad.<\/strong> A parte de Mary, me gust\u00f3 mucho <strong>su abuelo.<\/strong> Me dio<strong> mucha ternura <\/strong>y la relaci\u00f3n que tiene con Mary <strong>es muy bonita, me conmovi\u00f3. <br><\/strong><br>El <strong>estilo<\/strong> de la autora es <strong>atrapante<\/strong>, <strong>intimista<\/strong>,<strong> directo y crudo. <\/strong><br><br>En <strong>conclusi\u00f3n<\/strong>, este libro <strong>me ha encantado<\/strong> y<strong> he sufrido<\/strong>, pero lo <strong>recomiendo mucho. <\/strong><br><br>Y a vosotros, \u00bfconoc\u00edais el libro?, \u00a1Os leo!<br><br><strong>P.D:<\/strong> os pido que si hac\u00e9is alg\u00fan comentario con spoiler lo advirt\u00e1is antes, pod\u00e9is poner: <em>\u00a1spoiler! + vuestro comentario. <\/em><br><br>\u00a1Gracias!<\/pre>\n\n\n\n<p><\/p>\n<div class=\"likebtn_container\" style=\"\"><!-- LikeBtn.com BEGIN --><span class=\"likebtn-wrapper\"  data-identifier=\"post_4590\"  data-site_id=\"6790d82c6fd08b1433cb8618\"  data-lang=\"es\"  data-dislike_enabled=\"false\"  data-icon_dislike_show=\"false\"  data-style=\"\"  data-unlike_allowed=\"\"  data-show_copyright=\"\"  data-item_url=\"https:\/\/miplanetaliterario.es\/index.php\/2026\/04\/25\/resena-de-del-color-de-la-leche-de-nell-leyshon\/\"  data-item_title=\"Rese\u00f1a de \u00abDel color de la leche\u00bb, de Nell Leyshon.\"  data-item_image=\"https:\/\/miplanetaliterario.es\/wp-content\/uploads\/2026\/04\/Del-color-de-la-leche.png\"  data-item_date=\"2026-04-25T20:47:41+02:00\"  data-engine=\"WordPress\"  data-plugin_v=\"2.6.59\"  data-prx=\"https:\/\/miplanetaliterario.es\/wp-admin\/admin-ajax.php?action=likebtn_prx\"  data-event_handler=\"likebtn_eh\" ><\/span><!-- LikeBtn.com END --><\/div>","protected":false},"excerpt":{"rendered":"<p>Sinopsis Mary, una ni\u00f1a de quince a\u00f1os que vive con su familia en una granja de la Inglaterra rural de 1830, tiene el pelo del color de la leche y naci\u00f3 con un defecto f\u00edsico en una pierna, pero logra escapar moment\u00e1neamente de su condena familiar cuando es enviada a trabajar como criada para cuidar [&hellip;]<\/p>\n<div class=\"likebtn_container\" style=\"\"><!-- LikeBtn.com BEGIN --><span class=\"likebtn-wrapper\"  data-identifier=\"post_4590\"  data-site_id=\"6790d82c6fd08b1433cb8618\"  data-lang=\"es\"  data-dislike_enabled=\"false\"  data-icon_dislike_show=\"false\"  data-style=\"\"  data-unlike_allowed=\"\"  data-show_copyright=\"\"  data-item_url=\"https:\/\/miplanetaliterario.es\/index.php\/2026\/04\/25\/resena-de-del-color-de-la-leche-de-nell-leyshon\/\"  data-item_title=\"Rese\u00f1a de \u00abDel color de la leche\u00bb, de Nell Leyshon.\"  data-item_image=\"https:\/\/miplanetaliterario.es\/wp-content\/uploads\/2026\/04\/Del-color-de-la-leche.png\"  data-item_date=\"2026-04-25T20:47:41+02:00\"  data-engine=\"WordPress\"  data-plugin_v=\"2.6.59\"  data-prx=\"https:\/\/miplanetaliterario.es\/wp-admin\/admin-ajax.php?action=likebtn_prx\"  data-event_handler=\"likebtn_eh\" ><\/span><!-- LikeBtn.com END --><\/div>","protected":false},"author":1,"featured_media":4611,"comment_status":"open","ping_status":"open","sticky":false,"template":"","format":"standard","meta":{"_uf_show_specific_survey":0,"_uf_disable_surveys":false,"jetpack_post_was_ever_published":false,"_jetpack_newsletter_access":"","_jetpack_dont_email_post_to_subs":false,"_jetpack_newsletter_tier_id":0,"_jetpack_memberships_contains_paywalled_content":false,"_jetpack_memberships_contains_paid_content":false,"footnotes":"","jetpack_publicize_message":"","jetpack_publicize_feature_enabled":true,"jetpack_social_post_already_shared":true,"jetpack_social_options":{"image_generator_settings":{"template":"highway","default_image_id":0,"font":"","enabled":false},"version":2}},"categories":[10],"tags":[420,617,564,88,618,67,619,620],"class_list":{"0":"post-4590","1":"post","2":"type-post","3":"status-publish","4":"format-standard","5":"has-post-thumbnail","6":"hentry","7":"category-resenas","8":"tag-costumbrismo","9":"tag-del-color-de-la-leche","10":"tag-ficcion-historica-2","11":"tag-libros","12":"tag-nell-leyshon","13":"tag-resenas","14":"tag-rural","15":"tag-siglo-xix","17":"fallback-thumbnail"},"aioseo_notices":[],"jetpack_publicize_connections":[],"jetpack_featured_media_url":"https:\/\/miplanetaliterario.es\/wp-content\/uploads\/2026\/04\/Del-color-de-la-leche.png","jetpack_likes_enabled":true,"jetpack_sharing_enabled":true,"jetpack_shortlink":"https:\/\/wp.me\/pfEK26-1c2","_links":{"self":[{"href":"https:\/\/miplanetaliterario.es\/index.php\/wp-json\/wp\/v2\/posts\/4590","targetHints":{"allow":["GET"]}}],"collection":[{"href":"https:\/\/miplanetaliterario.es\/index.php\/wp-json\/wp\/v2\/posts"}],"about":[{"href":"https:\/\/miplanetaliterario.es\/index.php\/wp-json\/wp\/v2\/types\/post"}],"author":[{"embeddable":true,"href":"https:\/\/miplanetaliterario.es\/index.php\/wp-json\/wp\/v2\/users\/1"}],"replies":[{"embeddable":true,"href":"https:\/\/miplanetaliterario.es\/index.php\/wp-json\/wp\/v2\/comments?post=4590"}],"version-history":[{"count":5,"href":"https:\/\/miplanetaliterario.es\/index.php\/wp-json\/wp\/v2\/posts\/4590\/revisions"}],"predecessor-version":[{"id":4616,"href":"https:\/\/miplanetaliterario.es\/index.php\/wp-json\/wp\/v2\/posts\/4590\/revisions\/4616"}],"wp:featuredmedia":[{"embeddable":true,"href":"https:\/\/miplanetaliterario.es\/index.php\/wp-json\/wp\/v2\/media\/4611"}],"wp:attachment":[{"href":"https:\/\/miplanetaliterario.es\/index.php\/wp-json\/wp\/v2\/media?parent=4590"}],"wp:term":[{"taxonomy":"category","embeddable":true,"href":"https:\/\/miplanetaliterario.es\/index.php\/wp-json\/wp\/v2\/categories?post=4590"},{"taxonomy":"post_tag","embeddable":true,"href":"https:\/\/miplanetaliterario.es\/index.php\/wp-json\/wp\/v2\/tags?post=4590"}],"curies":[{"name":"wp","href":"https:\/\/api.w.org\/{rel}","templated":true}]}}