{"id":4456,"date":"2026-03-12T16:48:35","date_gmt":"2026-03-12T15:48:35","guid":{"rendered":"https:\/\/miplanetaliterario.es\/?p=4456"},"modified":"2026-03-12T16:48:37","modified_gmt":"2026-03-12T15:48:37","slug":"resena-de-los-nombres-propios-de-maria-jimenez-serrano","status":"publish","type":"post","link":"https:\/\/miplanetaliterario.es\/index.php\/2026\/03\/12\/resena-de-los-nombres-propios-de-maria-jimenez-serrano\/","title":{"rendered":"Rese\u00f1a de \u00abLos nombres propios\u00bb, de Mar\u00eda Jim\u00e9nez Serrano."},"content":{"rendered":"\n<div class=\"wp-block-media-text is-stacked-on-mobile\" style=\"grid-template-columns:43% auto\"><figure class=\"wp-block-media-text__media\"><a href=\"https:\/\/www.goodreads.com\/book\/show\/57398262-los-nombres-propios\" target=\"_blank\" rel=\"noreferrer noopener\"><img loading=\"lazy\" decoding=\"async\" width=\"267\" height=\"427\" src=\"https:\/\/miplanetaliterario.es\/wp-content\/uploads\/2026\/02\/los-nombres-propios.png\" alt=\"\" class=\"wp-image-4493 size-full\" srcset=\"https:\/\/miplanetaliterario.es\/wp-content\/uploads\/2026\/02\/los-nombres-propios.png 267w, https:\/\/miplanetaliterario.es\/wp-content\/uploads\/2026\/02\/los-nombres-propios-188x300.png 188w\" sizes=\"auto, (max-width: 267px) 100vw, 267px\" \/><\/a><\/figure><div class=\"wp-block-media-text__content\">\n<pre class=\"wp-block-verse\"><strong>T\u00edtulo:<\/strong> Los nombres propios<\/pre>\n\n\n\n<pre class=\"wp-block-verse\"><strong>Autor\/a: <\/strong>Mar\u00eda Jim\u00e9nez Serrano<\/pre>\n\n\n\n<pre class=\"wp-block-verse\"><strong>G\u00e9nero<\/strong>: Contempor\u00e1nea<\/pre>\n\n\n\n<pre class=\"wp-block-verse\"><strong>Publicaci\u00f3n:<\/strong> 15\/3\/2021 <\/pre>\n\n\n\n<pre class=\"wp-block-verse\"><strong>Editorial:<\/strong> Sexto Piso<\/pre>\n\n\n\n<pre class=\"wp-block-verse\"><strong>P\u00e1ginas:<\/strong> 236<\/pre>\n\n\n\n<div class=\"wp-block-group\"><div class=\"wp-block-group__inner-container is-layout-constrained wp-block-group-is-layout-constrained\">\n<pre class=\"wp-block-verse\"><strong>Puntuaci\u00f3n:<\/strong> <\/pre>\n<\/div><\/div>\n\n\n<div class=\"wp-block-jetpack-rating-star\" style=\"text-align:left\" itemprop=\"reviewRating\" itemscope itemtype=\"http:\/\/schema.org\/Rating\"><p><span aria-hidden=\"true\">\u2b50<\/span><span aria-hidden=\"true\">\u2b50<\/span><span aria-hidden=\"true\">\u2b50<\/span><\/p><span style=\"display: none;\" itemprop=\"worstRating\" content=\"0.5\"><span>\n<svg xmlns=\"http:\/\/www.w3.org\/2000\/svg\" width=\"24\" height=\"24\" viewBox=\"0 0 24 24\">\n\t<path class=\"\" fill=\"currentColor\" stroke=\"currentColor\" d=\"M12,17.3l6.2,3.7l-1.6-7L22,9.2l-7.2-0.6L12,2L9.2,8.6L2,9.2L7.5,14l-1.6,7L12,17.3z\" \/>\n<\/svg>\n<\/span>\n<span>\n<svg xmlns=\"http:\/\/www.w3.org\/2000\/svg\" width=\"24\" height=\"24\" viewBox=\"0 0 24 24\">\n\t<path class=\"\" fill=\"currentColor\" stroke=\"currentColor\" d=\"M12,17.3l6.2,3.7l-1.6-7L22,9.2l-7.2-0.6L12,2L9.2,8.6L2,9.2L7.5,14l-1.6,7L12,17.3z\" \/>\n<\/svg>\n<\/span><\/span><span style=\"display: none;\" ><span>\n<svg xmlns=\"http:\/\/www.w3.org\/2000\/svg\" width=\"24\" height=\"24\" viewBox=\"0 0 24 24\">\n\t<path class=\"\" fill=\"currentColor\" stroke=\"currentColor\" d=\"M12,17.3l6.2,3.7l-1.6-7L22,9.2l-7.2-0.6L12,2L9.2,8.6L2,9.2L7.5,14l-1.6,7L12,17.3z\" \/>\n<\/svg>\n<\/span>\n<span>\n<svg xmlns=\"http:\/\/www.w3.org\/2000\/svg\" width=\"24\" height=\"24\" viewBox=\"0 0 24 24\">\n\t<path class=\"\" fill=\"currentColor\" stroke=\"currentColor\" d=\"M12,17.3l6.2,3.7l-1.6-7L22,9.2l-7.2-0.6L12,2L9.2,8.6L2,9.2L7.5,14l-1.6,7L12,17.3z\" \/>\n<\/svg>\n<\/span><\/span><span style=\"display: none;\" ><span>\n<svg xmlns=\"http:\/\/www.w3.org\/2000\/svg\" width=\"24\" height=\"24\" viewBox=\"0 0 24 24\">\n\t<path class=\"\" fill=\"currentColor\" stroke=\"currentColor\" d=\"M12,17.3l6.2,3.7l-1.6-7L22,9.2l-7.2-0.6L12,2L9.2,8.6L2,9.2L7.5,14l-1.6,7L12,17.3z\" \/>\n<\/svg>\n<\/span>\n<span>\n<svg xmlns=\"http:\/\/www.w3.org\/2000\/svg\" width=\"24\" height=\"24\" viewBox=\"0 0 24 24\">\n\t<path class=\"is-rating-unfilled\" fill=\"currentColor\" stroke=\"currentColor\" d=\"M12,17.3l6.2,3.7l-1.6-7L22,9.2l-7.2-0.6L12,2L9.2,8.6L2,9.2L7.5,14l-1.6,7L12,17.3z\" \/>\n<\/svg>\n<\/span><\/span><span style=\"display: none;\" ><span>\n<svg xmlns=\"http:\/\/www.w3.org\/2000\/svg\" width=\"24\" height=\"24\" viewBox=\"0 0 24 24\">\n\t<path class=\"is-rating-unfilled\" fill=\"currentColor\" stroke=\"currentColor\" d=\"M12,17.3l6.2,3.7l-1.6-7L22,9.2l-7.2-0.6L12,2L9.2,8.6L2,9.2L7.5,14l-1.6,7L12,17.3z\" \/>\n<\/svg>\n<\/span>\n<span>\n<svg xmlns=\"http:\/\/www.w3.org\/2000\/svg\" width=\"24\" height=\"24\" viewBox=\"0 0 24 24\">\n\t<path class=\"is-rating-unfilled\" fill=\"currentColor\" stroke=\"currentColor\" d=\"M12,17.3l6.2,3.7l-1.6-7L22,9.2l-7.2-0.6L12,2L9.2,8.6L2,9.2L7.5,14l-1.6,7L12,17.3z\" \/>\n<\/svg>\n<\/span><\/span><span style=\"display: none;\" itemprop=\"bestRating\" content=\"5\"><span>\n<svg xmlns=\"http:\/\/www.w3.org\/2000\/svg\" width=\"24\" height=\"24\" viewBox=\"0 0 24 24\">\n\t<path class=\"is-rating-unfilled\" fill=\"currentColor\" stroke=\"currentColor\" d=\"M12,17.3l6.2,3.7l-1.6-7L22,9.2l-7.2-0.6L12,2L9.2,8.6L2,9.2L7.5,14l-1.6,7L12,17.3z\" \/>\n<\/svg>\n<\/span>\n<span>\n<svg xmlns=\"http:\/\/www.w3.org\/2000\/svg\" width=\"24\" height=\"24\" viewBox=\"0 0 24 24\">\n\t<path class=\"is-rating-unfilled\" fill=\"currentColor\" stroke=\"currentColor\" d=\"M12,17.3l6.2,3.7l-1.6-7L22,9.2l-7.2-0.6L12,2L9.2,8.6L2,9.2L7.5,14l-1.6,7L12,17.3z\" \/>\n<\/svg>\n<\/span><\/span><span itemprop=\"ratingValue\" class=\"screen-reader-text\" content=\"2.5\">Puntuaci\u00f3n: 2.5 de 5.<\/span><\/div><\/div><\/div>\n\n\n\n<p><strong>Sinopsis<\/strong><\/p>\n\n\n\n<pre class=\"wp-block-verse\">\u00bfQui\u00e9n es Belaundia Fu? Es la mejor amiga de Marta a los siete a\u00f1os: la amiga invisible que, en esos momentos en que las cosas no salen como hab\u00eda planeado y ni siquiera la abuela es capaz de consolarla, se sienta con ella y espera hasta que se le pase. Belaundia Fu es la voz sensata, ideal e infalible que, cuando Marta tiene diecis\u00e9is a\u00f1os y pese a que prefiera no escucharlas, le dice las verdades a la cara: por ejemplo, que ese chico, Charlie, no le conviene. Pero cuando Marta ya ha cumplido veintid\u00f3s, cuando ya se ha licenciado, cuando est\u00e1 empezando a tomar las decisiones que van a marcar el resto de su vida, \u00bfqu\u00e9 hace a\u00fan ah\u00ed Belaundia Fu? Ah\u00ed sigue porque es quien, desde siempre, le narra a Marta su propia historia. \u00bfQui\u00e9n es Belaundia Fu?, nos preguntamos; y, sin embargo, la pregunta que verdaderamente importa es: \u00bfqui\u00e9n es Marta?<\/pre>\n\n\n\n<hr class=\"wp-block-separator has-text-color has-black-color has-alpha-channel-opacity has-black-background-color has-background\"\/>\n\n\n\n<pre class=\"wp-block-verse\">Despu\u00e9s de ver varias rese\u00f1as muy buenas de este libro me anim\u00e9 a leerlo pensando que tambi\u00e9n me gustar\u00eda, <strong>pero no fue as\u00ed<\/strong>, no lo odi\u00e9, pero <strong>se me hizo muy largo, denso y tedioso, <\/strong>hasta pens\u00e9 en abandonarlo, pero <strong>me empez\u00f3 a gustar un poco m\u00e1s <\/strong>cuando estaba a m\u00e1s de la mitad, por ello segu\u00ed y por eso <strong>mi puntuaci\u00f3n es de 2.5 estrellas. <\/strong><br><br><strong>Mar\u00eda Jim\u00e9nez Serrano<\/strong> nos trae <strong>una historia sobre crecimiento e identidad<\/strong> con la que es f\u00e1cil identificarse. Estos son temas que me interesan, pero en esta ocasi\u00f3n <strong>no he logrado conectar con la historia de Marta y la forma en que est\u00e1 contada. <\/strong><br><br><strong>Durante la lectura<\/strong> del libro, al principio, me pareci\u00f3 <strong>interesante la propuesta de la autora, <\/strong>es original, pero conforme avanzaba en la lectura, y notaba que la narraci\u00f3n <strong>se me hac\u00eda repetitiva <\/strong>y tediosa, <strong>me empez\u00f3 a aburrir <\/strong>y me estaba costando seguir con la lectura, pues no notaba avances en la trama y sent\u00eda que lo que se contaba, esas reflexiones, me parec\u00edan m\u00e1s <strong>divagaciones que otras cosas<\/strong>, y muy repetitivas. Estuve a punto de abandonar el libro, pero, un poco m\u00e1s de la mitad, <strong>me empez\u00f3 a llamar de nuevo<\/strong> la atenci\u00f3n, luego no; hubo picos en los que le\u00eda m\u00e1s y otros en los que me costaba, por lo mismo de antes, <strong>no notaba avances y se divagaba en lo mismo, y ya el final, me pareci\u00f3 sin m\u00e1s. <\/strong><br><br>La<strong> trama<\/strong> es sencilla, un <em><strong>coming of age<\/strong><\/em> de la protagonista Marta en tres etapas de su vida: infancia, adolescencia y adultez. Nos narra <strong>la vida de Marta, sus amistades, sus miedos, sus amores, la familia, la b\u00fasqueda de la identidad<\/strong>... Temas interesantes que, en este libro, <strong>no me llamaron tanto la atenci\u00f3n,<\/strong> pues no not\u00e9 que se profundizara mucho y lo que se contaba me parec\u00eda <strong>muy simple<\/strong>, algo con lo que te puedes identificar, <strong>pero que no te deja huella. <\/strong><br> Se desarrolla en <strong>Espa\u00f1a en la \u00e9poca actua<\/strong>l. Todo ello se narra con <strong>un ritmo regular y una tensi\u00f3n baja. <\/strong>No hay cap\u00edtulos, el libro <strong>est\u00e1 dividido en partes muy largas<\/strong>, la m\u00e1s corta el final. Contando en segunda y tercera persona. <br><br>Los <strong>personajes<\/strong>; Marta es la absoluta<strong> protagonista claramente<\/strong>, y los dem\u00e1s est\u00e1n relacionados con ella. En general, <strong>est\u00e1n bien, pero no me han producido<\/strong> <strong>nada<\/strong>. De todos los personajes que aparecen <strong>me quedo con la abuela Anuncia, se me hizo muy tierna.<\/strong><br><br>En cuanto al <strong>estilo<\/strong> de la autora, este tiene <strong>un lenguaje l\u00edrico, en ocasiones,  y tono po\u00e9tico<\/strong> la mayor parte del libro, pero es accesible. <br><br>En<strong> conclusi\u00f3n<\/strong>, es un libro que <strong>me ha dejado indiferente<\/strong> y del que esperaba m\u00e1s. <br><br>Y vosotr@s, \u00bfhab\u00e9is le\u00eddo el libro? \u00a1Os leo!<br><br><strong>P.D: <\/strong>os pido que si hac\u00e9is alg\u00fan comentario con spoiler lo advirt\u00e1is antes, pod\u00e9is poner: <em>\u00a1spoiler! + vuestro comentario. <br><\/em><br>\u00a1Gracias!<\/pre>\n<div class=\"likebtn_container\" style=\"\"><!-- LikeBtn.com BEGIN --><span class=\"likebtn-wrapper\"  data-identifier=\"post_4456\"  data-site_id=\"6790d82c6fd08b1433cb8618\"  data-lang=\"es\"  data-dislike_enabled=\"false\"  data-icon_dislike_show=\"false\"  data-style=\"\"  data-unlike_allowed=\"\"  data-show_copyright=\"\"  data-item_url=\"https:\/\/miplanetaliterario.es\/index.php\/2026\/03\/12\/resena-de-los-nombres-propios-de-maria-jimenez-serrano\/\"  data-item_title=\"Rese\u00f1a de \u00abLos nombres propios\u00bb, de Mar\u00eda Jim\u00e9nez Serrano.\"  data-item_image=\"https:\/\/miplanetaliterario.es\/wp-content\/uploads\/2026\/02\/los-nombres-propios.png\"  data-item_date=\"2026-03-12T16:48:35+01:00\"  data-engine=\"WordPress\"  data-plugin_v=\"2.6.59\"  data-prx=\"https:\/\/miplanetaliterario.es\/wp-admin\/admin-ajax.php?action=likebtn_prx\"  data-event_handler=\"likebtn_eh\" ><\/span><!-- LikeBtn.com END --><\/div>","protected":false},"excerpt":{"rendered":"<p>Sinopsis \u00bfQui\u00e9n es Belaundia Fu? Es la mejor amiga de Marta a los siete a\u00f1os: la amiga invisible que, en esos momentos en que las cosas no salen como hab\u00eda planeado y ni siquiera la abuela es capaz de consolarla, se sienta con ella y espera hasta que se le pase. Belaundia Fu es la [&hellip;]<\/p>\n<div class=\"likebtn_container\" style=\"\"><!-- LikeBtn.com BEGIN --><span class=\"likebtn-wrapper\"  data-identifier=\"post_4456\"  data-site_id=\"6790d82c6fd08b1433cb8618\"  data-lang=\"es\"  data-dislike_enabled=\"false\"  data-icon_dislike_show=\"false\"  data-style=\"\"  data-unlike_allowed=\"\"  data-show_copyright=\"\"  data-item_url=\"https:\/\/miplanetaliterario.es\/index.php\/2026\/03\/12\/resena-de-los-nombres-propios-de-maria-jimenez-serrano\/\"  data-item_title=\"Rese\u00f1a de \u00abLos nombres propios\u00bb, de Mar\u00eda Jim\u00e9nez Serrano.\"  data-item_image=\"https:\/\/miplanetaliterario.es\/wp-content\/uploads\/2026\/02\/los-nombres-propios.png\"  data-item_date=\"2026-03-12T16:48:35+01:00\"  data-engine=\"WordPress\"  data-plugin_v=\"2.6.59\"  data-prx=\"https:\/\/miplanetaliterario.es\/wp-admin\/admin-ajax.php?action=likebtn_prx\"  data-event_handler=\"likebtn_eh\" ><\/span><!-- LikeBtn.com END --><\/div>","protected":false},"author":1,"featured_media":4493,"comment_status":"open","ping_status":"open","sticky":false,"template":"","format":"standard","meta":{"_uf_show_specific_survey":0,"_uf_disable_surveys":false,"jetpack_post_was_ever_published":false,"_jetpack_newsletter_access":"","_jetpack_dont_email_post_to_subs":false,"_jetpack_newsletter_tier_id":0,"_jetpack_memberships_contains_paywalled_content":false,"_jetpack_memberships_contains_paid_content":false,"footnotes":"","jetpack_publicize_message":"","jetpack_publicize_feature_enabled":true,"jetpack_social_post_already_shared":true,"jetpack_social_options":{"image_generator_settings":{"template":"highway","default_image_id":0,"font":"","enabled":false},"version":2}},"categories":[10],"tags":[263,105,88,598,599,286,67],"class_list":{"0":"post-4456","1":"post","2":"type-post","3":"status-publish","4":"format-standard","5":"has-post-thumbnail","6":"hentry","7":"category-resenas","8":"tag-coming-of-age","9":"tag-contemporanea","10":"tag-libros","11":"tag-los-nombres-propios","12":"tag-maria-jimenez-serrano","13":"tag-mujeres","14":"tag-resenas","16":"fallback-thumbnail"},"aioseo_notices":[],"jetpack_publicize_connections":[],"jetpack_featured_media_url":"https:\/\/miplanetaliterario.es\/wp-content\/uploads\/2026\/02\/los-nombres-propios.png","jetpack_likes_enabled":true,"jetpack_sharing_enabled":true,"jetpack_shortlink":"https:\/\/wp.me\/pfEK26-19S","_links":{"self":[{"href":"https:\/\/miplanetaliterario.es\/index.php\/wp-json\/wp\/v2\/posts\/4456","targetHints":{"allow":["GET"]}}],"collection":[{"href":"https:\/\/miplanetaliterario.es\/index.php\/wp-json\/wp\/v2\/posts"}],"about":[{"href":"https:\/\/miplanetaliterario.es\/index.php\/wp-json\/wp\/v2\/types\/post"}],"author":[{"embeddable":true,"href":"https:\/\/miplanetaliterario.es\/index.php\/wp-json\/wp\/v2\/users\/1"}],"replies":[{"embeddable":true,"href":"https:\/\/miplanetaliterario.es\/index.php\/wp-json\/wp\/v2\/comments?post=4456"}],"version-history":[{"count":10,"href":"https:\/\/miplanetaliterario.es\/index.php\/wp-json\/wp\/v2\/posts\/4456\/revisions"}],"predecessor-version":[{"id":4502,"href":"https:\/\/miplanetaliterario.es\/index.php\/wp-json\/wp\/v2\/posts\/4456\/revisions\/4502"}],"wp:featuredmedia":[{"embeddable":true,"href":"https:\/\/miplanetaliterario.es\/index.php\/wp-json\/wp\/v2\/media\/4493"}],"wp:attachment":[{"href":"https:\/\/miplanetaliterario.es\/index.php\/wp-json\/wp\/v2\/media?parent=4456"}],"wp:term":[{"taxonomy":"category","embeddable":true,"href":"https:\/\/miplanetaliterario.es\/index.php\/wp-json\/wp\/v2\/categories?post=4456"},{"taxonomy":"post_tag","embeddable":true,"href":"https:\/\/miplanetaliterario.es\/index.php\/wp-json\/wp\/v2\/tags?post=4456"}],"curies":[{"name":"wp","href":"https:\/\/api.w.org\/{rel}","templated":true}]}}